[{"@context":"https:\/\/schema.org\/","@type":"Article","@id":"https:\/\/www.ascendancy.cz\/tak-a-uz-toho-mam-tak-akorat-na-to-se-neda-divat\/#Article","mainEntityOfPage":"https:\/\/www.ascendancy.cz\/tak-a-uz-toho-mam-tak-akorat-na-to-se-neda-divat\/","headline":"Tak, a u\u017e toho m\u00e1m tak akor\u00e1t, na to se ned\u00e1 d\u00edvat","name":"Tak, a u\u017e toho m\u00e1m tak akor\u00e1t, na to se ned\u00e1 d\u00edvat","description":"\u0158ekli jste si u\u017e n\u011bkdy tuhle v\u011btu r\u00e1no p\u0159i pohledu do zrcadla? Pokud jste t\u00edm&hellip;","datePublished":"2024-12-08","dateModified":"2024-12-08","author":{"@type":"Person","@id":"https:\/\/www.ascendancy.cz\/author\/#Person","name":"","url":"https:\/\/www.ascendancy.cz\/author\/","identifier":1,"image":{"@type":"ImageObject","@id":"https:\/\/secure.gravatar.com\/avatar\/69d60390520d119f85d8cec6b8d4a182083b2d589719395da6bae47bff4b5efa?s=96&d=mm&r=g","url":"https:\/\/secure.gravatar.com\/avatar\/69d60390520d119f85d8cec6b8d4a182083b2d589719395da6bae47bff4b5efa?s=96&d=mm&r=g","height":96,"width":96}},"publisher":{"@type":"Organization","name":"ascendancy.cz","logo":{"@type":"ImageObject","@id":"\/logo.png","url":"\/logo.png","width":600,"height":60}},"url":"https:\/\/www.ascendancy.cz\/tak-a-uz-toho-mam-tak-akorat-na-to-se-neda-divat\/","wordCount":242,"articleBody":"\u0158ekli jste si u\u017e n\u011bkdy tuhle v\u011btu r\u00e1no p\u0159i pohledu do zrcadla? Pokud jste t\u00edm nar\u00e1\u017eeli na stav sv\u00e9ho vlasov\u00e9ho vybaven\u00ed na hlav\u011b, nen\u00ed to ur\u010dit\u011b nic p\u0159\u00edjemn\u00e9ho, po\u0159\u00e1d \u0159e\u0161it stejn\u00fd prastar\u00fd probl\u00e9m a ka\u017ed\u00fd den se tr\u00e1pit s t\u00edm, \u017ee v\u00e1\u0161 zevn\u011bj\u0161ek neodpov\u00edd\u00e1 ani z poloviny va\u0161im p\u0159edstav\u00e1m o dokonal\u00e9m \u00fa\u010desu. Z\u0159ejm\u011b v tomto ohledu hovo\u0159\u00edme o n\u011b\u017en\u011bj\u0161\u00ed \u010d\u00e1sti lidsk\u00e9 populace \u2013 o \u017een\u00e1ch. V takov\u00e9mto p\u0159\u00edpad\u011b je t\u0159eba s t\u00edm kone\u010dn\u011b n\u011bco ud\u011blat, na tom se jist\u011b v\u0161ichni shodneme. A nen\u00ed tak\u00e9 divu, \u017ee se k n\u011bjak\u00e9mu kroku mnoh\u00e1 rozhodne A pr\u00e1v\u011b zde, se pak postupy jednotlivc\u016f diametr\u00e1ln\u011b li\u0161\u00ed. A to je dob\u0159e. Nebo\u0165 jak by to na sv\u011bt\u011b vypadalo, kdyby v\u0161ichni, pota\u017emo v\u0161echny vypadali stejn\u011b \u017ee? N\u011bkdy sta\u010d\u00ed zvolit jin\u00fd odst\u00edn vlas\u016f nebo zcela zm\u011bnit barvu. Mnohdy je dobr\u00e9 zkr\u00e1tit vlasy, pop\u0159\u00edpad\u011b upravit \u00fa\u010des ne\u010dekan\u00fdm zp\u016fsobem. V dne\u0161n\u00ed pokro\u010dil\u00e9 dob\u011b je ji\u017e mo\u017en\u00e9 vlasy dokonce prodlou\u017eit, zahustit \u010di dokonce implantovat. A je tu je\u0161t\u011b jedna star\u00e1 a prov\u011b\u0159en\u00e1 mo\u017enost. Paruky jsou dnes d\u00edky materi\u00e1l\u016fm a technologi\u00edm zcela dokonal\u00e9. Vyu\u017eijte je, mil\u00e9 \u017eeny.                                                                                                                                                                                                                                                                                                                                                                                        3\/5 - (1 vote)        "},{"@context":"https:\/\/schema.org\/","@type":"BreadcrumbList","itemListElement":[{"@type":"ListItem","position":1,"name":"Tak, a u\u017e toho m\u00e1m tak akor\u00e1t, na to se ned\u00e1 d\u00edvat","item":"https:\/\/www.ascendancy.cz\/tak-a-uz-toho-mam-tak-akorat-na-to-se-neda-divat\/#breadcrumbitem"}]}]