[{"@context":"https:\/\/schema.org\/","@type":"Article","@id":"https:\/\/www.ascendancy.cz\/pece-o-vlasy-v-letnim-zaru\/#Article","mainEntityOfPage":"https:\/\/www.ascendancy.cz\/pece-o-vlasy-v-letnim-zaru\/","headline":"P\u00e9\u010de o vlasy v letn\u00edm \u017e\u00e1ru","name":"P\u00e9\u010de o vlasy v letn\u00edm \u017e\u00e1ru","description":"L\u00e9to asi zbo\u017e\u0148ujeme v\u0161ichni. Ov\u0161em nejen n\u00e1por slune\u010dn\u00edch paprsk\u016f a nedostate\u010dn\u00e1 p\u00e9\u010de o va\u0161e vlasy&hellip;","datePublished":"2020-09-03","dateModified":"2023-05-04","author":{"@type":"Person","@id":"https:\/\/www.ascendancy.cz\/author\/#Person","name":"","url":"https:\/\/www.ascendancy.cz\/author\/","identifier":1,"image":{"@type":"ImageObject","@id":"https:\/\/secure.gravatar.com\/avatar\/69d60390520d119f85d8cec6b8d4a182083b2d589719395da6bae47bff4b5efa?s=96&d=mm&r=g","url":"https:\/\/secure.gravatar.com\/avatar\/69d60390520d119f85d8cec6b8d4a182083b2d589719395da6bae47bff4b5efa?s=96&d=mm&r=g","height":96,"width":96}},"publisher":{"@type":"Organization","name":"ascendancy.cz","logo":{"@type":"ImageObject","@id":"\/logo.png","url":"\/logo.png","width":600,"height":60}},"image":{"@type":"ImageObject","@id":"https:\/\/www.ascendancy.cz\/wp-content\/uploads\/img_a291702_w2088_t1504123192.jpg","url":"https:\/\/www.ascendancy.cz\/wp-content\/uploads\/img_a291702_w2088_t1504123192.jpg","height":0,"width":0},"url":"https:\/\/www.ascendancy.cz\/pece-o-vlasy-v-letnim-zaru\/","about":["V\u00fdrobky"],"wordCount":423,"articleBody":"L\u00e9to asi zbo\u017e\u0148ujeme v\u0161ichni. Ov\u0161em nejen n\u00e1por slune\u010dn\u00edch paprsk\u016f a nedostate\u010dn\u00e1 p\u00e9\u010de o va\u0161e vlasy se v\u00e1m m\u016f\u017ee nehezky vymst\u00edt. Vlas\u016fm neprosp\u00edv\u00e1 mnoho dal\u0161\u00edch faktor\u016f, kter\u00e9 prost\u011b k\u00a0l\u00e9tu pat\u0159\u00ed, nap\u0159\u00edklad slan\u00e1 \u010di chlorovan\u00e1 voda, v\u00edtr, p\u00edsek, nebo jen \u010dast\u00e9 stahov\u00e1n\u00ed vlas\u016f do gumi\u010dek. Proto si v\u017edy ud\u011blejte na sv\u00e9 vlasy dostatek \u010dasu, a dop\u0159ejte jim p\u00e9\u010di, kterou si zaslou\u017e\u00ed. Jedin\u011b tak se budete moci chlubit kr\u00e1snou a zdravou h\u0159\u00edvou.Letn\u00ed vlasov\u00e1 kosmetikaNa l\u00e9to se v\u017edy zav\u010das vybavte kvalitn\u00ed vlasovou kosmetikou, kter\u00e1 va\u0161e vlasy ochr\u00e1n\u00ed nejen p\u0159ed UV paprsky, ale tak\u00e9 p\u0159ed slanou vodou. Ochrann\u00e9 hydrata\u010dn\u00ed spreje m\u016f\u017eete aplikovat i n\u011bkolikr\u00e1t denn\u011b, \u010d\u00edm\u017e zabr\u00e1n\u00edte zbyte\u010dn\u00e9mu vysou\u0161en\u00ed.Regenerujte a vy\u017eivujteAlespo\u0148 jednou t\u00fddn\u011b dop\u0159ejte sv\u00fdm vlas\u016fm intenzivn\u011bj\u0161\u00ed p\u00e9\u010di, kter\u00e1 je dokonale vy\u017eiv\u00ed a zregeneruje. Vhodn\u00e9 jsou nap\u0159\u00edklad speci\u00e1ln\u00ed olejov\u00e9 masky, kter\u00e9 se nanesou po umyt\u00ed. Kr\u00e1tk\u00e9 p\u016fsoben\u00ed dod\u00e1 vlas\u016fm vl\u00e1hu a pot\u0159ebn\u00e9 \u017eiviny.Pom\u016f\u017ee i drdol\u017de si mus\u00edte vlasy v\u00a0l\u00e9t\u011b \u010dast\u011bji m\u00fdt? To je jen v\u00e1\u0161 pocit, kter\u00e9mu zabr\u00e1n\u00edte jednoduch\u00fdm \u0159e\u0161en\u00edm \u2013 sva\u017ete si vlasy do drdolu. \u010cast\u00e9 myt\u00ed toti\u017e zbavuje va\u0161e vlasy p\u0159irozen\u00e9 ochrany.Klobouky a \u010depiceNejen va\u0161\u00ed poko\u017eku je pot\u0159eba chr\u00e1nit p\u0159ed sluncem. Tak\u00e9 vlasy si zaslou\u017e\u00ed trochu st\u00ednu, kter\u00fd v\u00e1m zajist\u00ed slu\u0161iv\u00fd klobou\u010dek nebo \u010depice.Nef\u00e9nujte, ne\u017eehleteV\u00a0letn\u00edch m\u011bs\u00edc\u00edch nechte vlasy po umyt\u00ed voln\u011b prosychat. Hork\u00fd vzduch z\u00a0f\u00e9nu, ani \u017eehlen\u00ed, jim v\u00a0hork\u00e9m letn\u00edm \u017e\u00e1ru neprosp\u00edv\u00e1.Stravovac\u00ed n\u00e1vyky pro vlasyVlasy si zaslou\u017e\u00ed dokonalou p\u00e9\u010di nejen zvenku, ale tak\u00e9 zevnit\u0159. Proto si dop\u0159\u00e1vejte dostatek tekutin, kter\u00fdmi hydratujete nejen t\u011blo, ale tak\u00e9 vlasy. Zapom\u00ednat byste nem\u011bli ani na dostate\u010dn\u00fd p\u0159\u00edsun vitam\u00edn\u016f, protein\u016f a miner\u00e1l\u016f, kter\u00e9 vy\u017eivuj\u00ed ko\u0159\u00ednky vlas\u016f.Stop barven\u00ed v\u00a0l\u00e9t\u011bBarven\u00ed vlas\u016f p\u0159ed dovolenou je pro vlasy p\u0159\u00edmo katastrofa. Vlasy jsou toti\u017e barvou oslaben\u00e9, a o to v\u00edce zraniteln\u011bj\u0161\u00ed, tak\u017ee jim p\u00edsek, mo\u0159e a slunce m\u016f\u017ee jen u\u0161kodit. S\u00a0barven\u00edm tedy rad\u011bji po\u010dkejte a\u017e po dovolen\u00e9.                                                                                                                                                                                                                                                                                                                                                                                        4.1\/5 - (14 votes)        "},{"@context":"https:\/\/schema.org\/","@type":"BreadcrumbList","itemListElement":[{"@type":"ListItem","position":1,"name":"P\u00e9\u010de o vlasy v letn\u00edm \u017e\u00e1ru","item":"https:\/\/www.ascendancy.cz\/pece-o-vlasy-v-letnim-zaru\/#breadcrumbitem"}]}]