[{"@context":"https:\/\/schema.org\/","@type":"Article","@id":"https:\/\/www.ascendancy.cz\/kam-v-pristim-roce-na-dovolenou\/#Article","mainEntityOfPage":"https:\/\/www.ascendancy.cz\/kam-v-pristim-roce-na-dovolenou\/","headline":"Kam v p\u0159\u00ed\u0161t\u00edm roce na dovolenou?","name":"Kam v p\u0159\u00ed\u0161t\u00edm roce na dovolenou?","description":"Pokud pat\u0159\u00edte k t\u011bm, kte\u0159\u00ed nepl\u00e1nuj\u00ed dal\u0161\u00ed volno ihned po n\u00e1vratu, v tomto zimn\u00edm pochmurn\u00e9m&hellip;","datePublished":"2019-12-10","dateModified":"2023-05-04","author":{"@type":"Person","@id":"https:\/\/www.ascendancy.cz\/author\/#Person","name":"","url":"https:\/\/www.ascendancy.cz\/author\/","identifier":1,"image":{"@type":"ImageObject","@id":"https:\/\/secure.gravatar.com\/avatar\/69d60390520d119f85d8cec6b8d4a182083b2d589719395da6bae47bff4b5efa?s=96&d=mm&r=g","url":"https:\/\/secure.gravatar.com\/avatar\/69d60390520d119f85d8cec6b8d4a182083b2d589719395da6bae47bff4b5efa?s=96&d=mm&r=g","height":96,"width":96}},"publisher":{"@type":"Organization","name":"ascendancy.cz","logo":{"@type":"ImageObject","@id":"\/logo.png","url":"\/logo.png","width":600,"height":60}},"image":{"@type":"ImageObject","@id":"https:\/\/www.ascendancy.cz\/wp-content\/uploads\/img_a363806_w3372_t1576518485.jpg","url":"https:\/\/www.ascendancy.cz\/wp-content\/uploads\/img_a363806_w3372_t1576518485.jpg","height":0,"width":0},"url":"https:\/\/www.ascendancy.cz\/kam-v-pristim-roce-na-dovolenou\/","about":["Dovolen\u00e1"],"wordCount":489,"articleBody":"Pokud pat\u0159\u00edte k t\u011bm, kte\u0159\u00ed nepl\u00e1nuj\u00ed dal\u0161\u00ed volno ihned po n\u00e1vratu, v tomto zimn\u00edm pochmurn\u00e9m obdob\u00ed je ide\u00e1ln\u00ed \u010das. A co je nejd\u016fle\u017eit\u011bj\u0161\u00ed p\u0159i pl\u00e1nov\u00e1n\u00ed? Samoz\u0159ejm\u011b term\u00edn, datum a kam pojedete.\u00a0V\u0161e z\u00e1le\u017e\u00ed na V\u00e1s! Jestli\u017ee milujete zimn\u00ed sporty, a\u0165 u\u017e ly\u017ee, snowboard \u010di pouze bobov\u00e1n\u00ed a s\u00e1\u0148kov\u00e1n\u00ed nebo jste si dali za c\u00edl, \u017ee se toto v\u0161e nau\u010d\u00edte, ur\u010dit\u011b bude pro V\u00e1s jasn\u00e1 volba Alpy, Tatry \u010di hory v \u010cR. Ano i takov\u00fd aktivn\u00ed odpo\u010dinek bude st\u00e1t za to. Nemus\u00edte vylo\u017een\u011b chodit na t\u00fary a prod\u00edrat se sn\u011bhem. Pokud jste st\u00e1li na dvou \u010di jednom \u201eprkn\u011b\u201c naposledy na st\u0159edn\u00ed \u0161kole a tato doba je ji\u017e d\u00e1vno pry\u010d, nezoufejte. Ano bude pot\u0159eba si tyto \u010dinnosti o\u017eivit, ale s instruktorem to hrav\u011b zvl\u00e1dnete. Tak do toho!\u00a0Pokud naopak uzn\u00e1v\u00e1te teplo, slun\u00ed\u010dko, vodu je na Va\u0161em rozhodnut\u00ed, zda preferujete mo\u0159e, pam\u00e1tky \u010di pr\u00e1v\u011b t\u00fary po hor\u00e1ch.\u00a0\u00a0V p\u0159\u00edpad\u011b volby odjet za na\u0161e hranice, je nyn\u00ed \u010das, kdy stihnete v\u0161e vybrat, zaplatit z\u00e1lohu a tak\u00e9 z\u00edskat slevu First minute. Tyto akce jsou ve v\u011bt\u0161in\u011b p\u0159\u00edpad\u016f do konce dan\u00e9ho roku. I takto doporu\u010dujeme si posp\u00ed\u0161it, jeliko\u017e kapacita letadel bohu\u017eel nen\u00ed neomezen\u00e1.\u00a0Situaci s m\u00edstenkami nen\u00ed pot\u0159eba \u0159e\u0161it, pokud se rozhodnete jet autobusem. U t\u00e9to varianty zva\u017ete d\u00e9lku cesty, abyste ji zvl\u00e1dli. Osobn\u011b jsem 3kr\u00e1t jela 24 hodin autobusem a nebylo to nic p\u0159\u00edjemn\u00e9ho. Kdybych se rozhodovala nyn\u00ed, volila bych cestu \u201ev nebes\u00edch\u201c i kdy\u017e nejsem zrovna fanou\u0161kem t\u011bchto stroj\u016f. Ot\u00e1zka, zda let\u011bt \u010di jet \u201epo pevn\u00e9 zemi\u201c je samoz\u0159ejm\u011b tak\u00e9 na V\u00e1s a Va\u0161ich finan\u010dn\u00edch mo\u017enostech. Pokud se p\u0159edem p\u0159iprav\u00edte na del\u0161\u00ed cestu s n\u011bkolika cestuj\u00edc\u00edmi, v\u0161e zvl\u00e1dnete. P\u0159ece se t\u011b\u0161\u00edte a u\u017e chcete b\u00fdt na m\u00edst\u011b a v\u011b\u0159te nebo ne i tla\u010den\u00ed tohoto stroje vlastn\u00edma o\u010dima neuv\u011b\u0159iteln\u011b pom\u00e1h\u00e1.\u00a0Ka\u017edop\u00e1dn\u011b pokud budete cht\u00edt sv\u00fdch 7\u201314 dn\u00ed str\u00e1vit v na\u0161\u00ed vlasti, bude to aktivn\u00ed pro\u017eitek, ale nezapomenuteln\u00fd. Na\u0161e republika m\u00e1 mnoho pam\u00e1tek, kulturn\u00edho pro\u017eit\u00ed a nez\u00e1le\u017e\u00ed na tom, zda sv\u016fj \u010das str\u00e1v\u00edte v na\u0161em hlavn\u00edm m\u011bst\u011b, v ji\u017en\u00edch \u010cech\u00e1ch nebo v \u201enejv\u011bt\u0161\u00ed vina\u0159sk\u00e9\u201c oblasti na Morav\u011b. Na\u0161e zem\u011b je n\u00e1dhern\u00e1 i p\u0159esto, \u017ee nem\u00e1me mo\u0159e, ale m\u00e1me spoustu jin\u00fdch krajin, kde stoj\u00ed za to se pod\u00edvat.\u00a0Tak kam se v roce 2020 vyd\u00e1te?                                                                                                                                                                                                                                                                                                                                                                                        4.7\/5 - (9 votes)        "},{"@context":"https:\/\/schema.org\/","@type":"BreadcrumbList","itemListElement":[{"@type":"ListItem","position":1,"name":"Kam v p\u0159\u00ed\u0161t\u00edm roce na dovolenou?","item":"https:\/\/www.ascendancy.cz\/kam-v-pristim-roce-na-dovolenou\/#breadcrumbitem"}]}]