[{"@context":"https:\/\/schema.org\/","@type":"Article","@id":"https:\/\/www.ascendancy.cz\/barva-a-hlina\/#Article","mainEntityOfPage":"https:\/\/www.ascendancy.cz\/barva-a-hlina\/","headline":"Barva a hl\u00edna","name":"Barva a hl\u00edna","description":"Galerie Lautner v\u00a0Mohelnici po\u0159\u00e1d\u00e1 od 04. 06. \u2013 30. 06. 2019 v\u00fdstavu Barva a Hl\u00edna.&hellip;","datePublished":"2019-06-11","dateModified":"2023-05-04","author":{"@type":"Person","@id":"https:\/\/www.ascendancy.cz\/author\/#Person","name":"","url":"https:\/\/www.ascendancy.cz\/author\/","identifier":1,"image":{"@type":"ImageObject","@id":"https:\/\/secure.gravatar.com\/avatar\/69d60390520d119f85d8cec6b8d4a182083b2d589719395da6bae47bff4b5efa?s=96&d=mm&r=g","url":"https:\/\/secure.gravatar.com\/avatar\/69d60390520d119f85d8cec6b8d4a182083b2d589719395da6bae47bff4b5efa?s=96&d=mm&r=g","height":96,"width":96}},"publisher":{"@type":"Organization","name":"ascendancy.cz","logo":{"@type":"ImageObject","@id":"\/logo.png","url":"\/logo.png","width":600,"height":60}},"image":{"@type":"ImageObject","@id":"https:\/\/www.ascendancy.cz\/wp-content\/uploads\/img_a347496_w2909_t1561892352.jpg","url":"https:\/\/www.ascendancy.cz\/wp-content\/uploads\/img_a347496_w2909_t1561892352.jpg","height":0,"width":0},"url":"https:\/\/www.ascendancy.cz\/barva-a-hlina\/","about":["Kultura"],"wordCount":522,"articleBody":"Galerie Lautner v\u00a0Mohelnici po\u0159\u00e1d\u00e1 od 04. 06. \u2013 30. 06. 2019 v\u00fdstavu Barva a Hl\u00edna. Iva Kone\u010dn\u00e1 z\u00a0Lo\u0161tic p\u0159edv\u00e1d\u00ed sv\u00e9 v\u00fdrobky z\u00a0keramiky a Romana \u0160ilhav\u00e1 z\u00a0Prahy zase sv\u00e9 obrazy.\u00a0Iva Kone\u010dn\u00e1 \u2013 Narodila se v\u00a0roce 1962 v\u00a0Mohelnici, nyn\u00ed pracuje ve v\u00a0Lo\u0161tic\u00edch, 2 km od Mohelnice. Ji\u017e skoro 20 let se v\u011bnuje pr\u00e1ci s\u00a0keramikou. P\u0159i sv\u00e9 tvorb\u011b se nezam\u011b\u0159uje hned na za\u010d\u00e1tku na fin\u00e1ln\u00ed podobu, ale zam\u011b\u0159uje se sp\u00ed\u0161e na tvorbu tzv. \u201cPR\u00c1CI Z\u00a0RUKY\u201c. Experimentuje p\u0159i sv\u00e9 pr\u00e1ci s\u00a0r\u016fzn\u00fdmi materi\u00e1ly a zkou\u0161\u00ed nov\u00e9 zp\u016fsoby v\u00fdpalu keramiky. Nejrad\u011bji vyu\u017e\u00edv\u00e1 japonskou keramiku Raku, u t\u00e9to keramiky moc \u201cnemysl\u00ed\u201c, kdy\u017e pracuje, u\u017e\u00edv\u00e1 si mo\u017enost toho, \u017ee m\u016f\u017ee b\u00fdt v\u00a0kontaktu s\u00a0p\u0159\u00edrodou a jej\u00edmi \u017eivly. Inspiraci pro sv\u00e9 v\u00fdtvory nach\u00e1z\u00ed ve sv\u00e9 pr\u00e1ci, kterou bere z\u00e1rove\u0148 jako meditaci. Je to pro ni, jako by se vr\u00e1tila se sv\u00fdm ko\u0159en\u016fm.Sice ne moc \u010dasto, ale tato v\u00fdtvarnice se v\u011bnuje i malb\u011b velkoform\u00e1tov\u00fdch smalt\u016f (\u010cist\u00fd plech se otrysk\u00e1, o\u010dist\u00ed, zbav\u00ed zbytkov\u00e9 mastnoty, a na tento plech se nan\u00e1\u0161\u00ed vrstva smaltu, na kterou se posl\u00e9ze maluje. Maluje se barvami ur\u010den\u00fdmi p\u0159\u00edmo na smalt \u2013 smaltov\u00fdmi, jsou na b\u00e1zi k\u0159emi\u010dit\u00e9ho skla a jsou \u0159editeln\u00e9 vodou. Po zaschnut\u00ed barev se plechy v\u011bs\u00ed na smaltovac\u00ed linky a vypaluj\u00ed se. Proces vypalov\u00e1n\u00ed se m\u016f\u017ee i n\u011bkolikr\u00e1t opakovat.).Man\u017eel Ivy Kone\u010dn\u00e9, Jan Kone\u010dn\u00fd \u0159ekl, \u017ee pr\u00e1ce s\u00a0keramickou hl\u00ednou je nesm\u00edrn\u011b n\u00e1ro\u010dn\u00e1, a \u017ee mu to potvrd\u00ed ka\u017ed\u00fd, kdo jak\u00fdmkoliv zp\u016fsobem s\u00a0hl\u00ednou pracoval. Nikdy toti\u017e nikdo nev\u00ed, co bude z\u00a0v\u00fdrobku po vyta\u017een\u00ed z\u00a0pece. Je to vlastn\u011b z\u00e1zrak. A\u017e te\u010f v\u00a0tuto chv\u00edli je to fin\u00e1ln\u00ed. Iva pracuje s\u00a0hl\u00ednou p\u0159es svoji mysl, vkl\u00e1d\u00e1 do sv\u00fdch rukou p\u0159edstavy. Kter\u00e9 p\u0159en\u00e1\u0161\u00ed do v\u00fdtvoru.\u00a0Romana \u0160ilhav\u00e1 _ Narodila se v\u00a0roce 1977. Je to lingvistka a u\u010ditelka angli\u010dtiny. Od sv\u00e9ho dosp\u00edv\u00e1n\u00ed se v\u011bnuje amat\u00e9rsky pr\u00e1v\u011b malb\u011b. Jej\u00edm u\u010ditelem byl prof. Zden\u011bk Neubauer, kter\u00fd ji nau\u010dil to, aby do sv\u00fdch obraz\u016f vkl\u00e1dala citovou str\u00e1nku, ale i sou\u010dasnost. Tato um\u011blkyn\u011b m\u00e1 dcerku jm\u00e9nem Ukinky Y\u00fany, um\u00ed hr\u00e1t na housle a hraje spole\u010dn\u011b s\u00a0Old\u0159ichem Janotou.\u00a0 Jej\u00ed obrazy jsou pln\u00e9 barev, ka\u017ed\u00fd si v\u00a0nich najde n\u011bco, co ho zaujme a co ho bude p\u0159itahovat.\u00a0Na vernis\u00e1\u017e jsem se nedostala, v\u00fdstavu jsem ale vid\u011bla. Keramiku od pan\u00ed Ivy je mo\u017en\u00e9 si zakoupit p\u0159\u00edmo v\u00a0galerii. Ob\u011b dv\u011b pracuj\u00ed s\u00a0barvami, proto se v\u00fdstava jmenuje Barva a hl\u00edna. Je to z\u00e1\u017eitek, vid\u011bt v\u00fdtvory t\u011bch, co co t\u00edm p\u0159\u00edmo \u017eij\u00ed, ne se t\u00edm pouze \u017eiv\u00ed.                                                                                                                                                                                                                                                                                                                                                                                        3.2\/5 - (5 votes)        "},{"@context":"https:\/\/schema.org\/","@type":"BreadcrumbList","itemListElement":[{"@type":"ListItem","position":1,"name":"Barva a hl\u00edna","item":"https:\/\/www.ascendancy.cz\/barva-a-hlina\/#breadcrumbitem"}]}]